{"id":3838,"date":"2025-11-23T12:36:28","date_gmt":"2025-11-23T11:36:28","guid":{"rendered":"https:\/\/roads4classics.com\/succes-de-la-foire-interclassic-a-bruxelles\/"},"modified":"2026-01-06T20:00:18","modified_gmt":"2026-01-06T19:00:18","slug":"succes-de-la-foire-interclassic-a-bruxelles","status":"publish","type":"post","link":"https:\/\/roads4classics.com\/fr\/succes-de-la-foire-interclassic-a-bruxelles\/","title":{"rendered":"Succ\u00e8s de la foire Interclassic \u00e0 Bruxelles"},"content":{"rendered":"<p>[et_pb_section fb_built=\u00a0\u00bb1&Prime; theme_builder_area=\u00a0\u00bbpost_content\u00a0\u00bb _builder_version=\u00a0\u00bb4.27.4&Prime; _module_preset=\u00a0\u00bbdefault\u00a0\u00bb][et_pb_row _builder_version=\u00a0\u00bb4.27.4&Prime; _module_preset=\u00a0\u00bbdefault\u00a0\u00bb column_structure=\u00a0\u00bb1_2,1_2&Prime; theme_builder_area=\u00a0\u00bbpost_content\u00a0\u00bb][et_pb_column _builder_version=\u00a0\u00bb4.27.4&Prime; _module_preset=\u00a0\u00bbdefault\u00a0\u00bb type=\u00a0\u00bb1_2&Prime; theme_builder_area=\u00a0\u00bbpost_content\u00a0\u00bb][et_pb_text _builder_version=\u00a0\u00bb4.27.4&Prime; _module_preset=\u00a0\u00bbdefault\u00a0\u00bb theme_builder_area=\u00a0\u00bbpost_content\u00a0\u00bb hover_enabled=\u00a0\u00bb0&Prime; sticky_enabled=\u00a0\u00bb0&Prime;]<\/p>\n<p data-start=\"104\" data-end=\"161\"><strong data-start=\"104\" data-end=\"161\">InterClassics Bruxelles 2025 : Une \u00e9dition brillante !<\/strong><\/p>\n<p data-start=\"163\" data-end=\"481\">Quel beau salon que celui d&rsquo;InterClassics Brussels 2025 ! L&rsquo;atmosph\u00e8re \u00e9tait fantastique, l&rsquo;int\u00e9r\u00eat \u00e9tait grand et les conversations avec les visiteurs \u00e9taient inspirantes.   <\/p>\n<p data-start=\"483\" data-end=\"723\">Notre stand a \u00e9t\u00e9 bien fr\u00e9quent\u00e9, les r\u00e9actions \u00e0 nos prochains voyages ont \u00e9t\u00e9 enthousiastes, et c&rsquo;est avec un grand sourire que nous repensons \u00e0 ces trois jours pleins d&rsquo;\u00e9nergie, de rencontres et d&rsquo;id\u00e9es nouvelles.<\/p>\n<p data-start=\"725\" data-end=\"827\"><strong data-start=\"754\" data-end=\"768\">Merci \u00e0<\/strong> tous ceux qui sont pass\u00e9s <strong data-start=\"754\" data-end=\"768\">!<\/strong> C&rsquo;est vous qui rendez ce genre d&rsquo;\u00e9v\u00e9nement sp\u00e9cial \u00e0 chaque fois.<\/p>\n<p data-start=\"829\" data-end=\"1025\">Vous ne vous en lassez pas ou vous voulez anticiper la nouvelle saison ? Alors n&rsquo;h\u00e9sitez pas \u00e0 consulter notre site web et \u00e0 d\u00e9couvrir les tourn\u00e9es 2026. Nous nous ferons un plaisir de vous en dire plus !  <\/p>\n<p data-start=\"1027\" data-end=\"1091\">En attendant la prochaine \u00e9dition, nous vous donnons rendez-vous au salon Interclassic \u00e0 Maastricht en 2026 !<\/p>\n<p>[\/et_pb_text][\/et_pb_column][et_pb_column _builder_version=\u00a0\u00bb4.27.4&Prime; _module_preset=\u00a0\u00bbdefault\u00a0\u00bb type=\u00a0\u00bb1_2&Prime; theme_builder_area=\u00a0\u00bbpost_content\u00a0\u00bb][et_pb_image src=\u00a0\u00bbhttps:\/\/roads4classics.com\/wp-content\/uploads\/2025\/11\/ICM_BRU_2026.avif\u00a0\u00bb _builder_version=\u00a0\u00bb4.27.4&Prime; _module_preset=\u00a0\u00bbdefault\u00a0\u00bb theme_builder_area=\u00a0\u00bbpost_content\u00a0\u00bb title_text=\u00a0\u00bbICM_BRU_2026&Prime; hover_enabled=\u00a0\u00bb0&Prime; sticky_enabled=\u00a0\u00bb0&Prime;][\/et_pb_image][\/et_pb_column][\/et_pb_row][\/et_pb_section]<\/p>\n","protected":false},"excerpt":{"rendered":"<p>InterClassics Bruxelles 2025 : Une \u00e9dition brillante ! Quel beau salon que celui d&rsquo;InterClassics Brussels 2025 ! L&rsquo;atmosph\u00e8re \u00e9tait fantastique, l&rsquo;int\u00e9r\u00eat \u00e9tait grand et les conversations avec les visiteurs \u00e9taient inspirantes. Notre stand a \u00e9t\u00e9 bien fr\u00e9quent\u00e9, les r\u00e9actions \u00e0 nos prochains voyages ont \u00e9t\u00e9 enthousiastes, et c&rsquo;est avec un grand sourire que nous repensons [&hellip;]<\/p>\n","protected":false},"author":2,"featured_media":0,"comment_status":"open","ping_status":"open","sticky":false,"template":"","format":"standard","meta":{"_et_pb_use_builder":"on","_et_pb_old_content":"","_et_gb_content_width":"","footnotes":""},"categories":[18],"tags":[],"class_list":["post-3838","post","type-post","status-publish","format-standard","hentry","category-non-classifiee"],"yoast_head":"<!-- This site is optimized with the Yoast SEO plugin v27.1.1 - https:\/\/yoast.com\/product\/yoast-seo-wordpress\/ -->\n<title>Succ\u00e8s de la foire Interclassic \u00e0 Bruxelles - roads4classics<\/title>\n<meta name=\"robots\" content=\"index, follow, max-snippet:-1, max-image-preview:large, max-video-preview:-1\" \/>\n<link rel=\"canonical\" href=\"https:\/\/roads4classics.com\/fr\/succes-de-la-foire-interclassic-a-bruxelles\/\" \/>\n<meta property=\"og:locale\" content=\"fr_FR\" \/>\n<meta property=\"og:type\" content=\"article\" \/>\n<meta property=\"og:title\" content=\"Succ\u00e8s de la foire Interclassic \u00e0 Bruxelles - roads4classics\" \/>\n<meta property=\"og:description\" content=\"InterClassics Bruxelles 2025 : Une \u00e9dition brillante ! Quel beau salon que celui d&#039;InterClassics Brussels 2025 ! L&#039;atmosph\u00e8re \u00e9tait fantastique, l&#039;int\u00e9r\u00eat \u00e9tait grand et les conversations avec les visiteurs \u00e9taient inspirantes. Notre stand a \u00e9t\u00e9 bien fr\u00e9quent\u00e9, les r\u00e9actions \u00e0 nos prochains voyages ont \u00e9t\u00e9 enthousiastes, et c&#039;est avec un grand sourire que nous repensons [&hellip;]\" \/>\n<meta property=\"og:url\" content=\"https:\/\/roads4classics.com\/fr\/succes-de-la-foire-interclassic-a-bruxelles\/\" \/>\n<meta property=\"og:site_name\" content=\"roads4classics\" \/>\n<meta property=\"article:published_time\" content=\"2025-11-23T11:36:28+00:00\" \/>\n<meta property=\"article:modified_time\" content=\"2026-01-06T19:00:18+00:00\" \/>\n<meta name=\"author\" content=\"Robi Rizvic\" \/>\n<meta name=\"twitter:card\" content=\"summary_large_image\" \/>\n<meta name=\"twitter:label1\" content=\"\u00c9crit par\" \/>\n\t<meta name=\"twitter:data1\" content=\"Robi Rizvic\" \/>\n\t<meta name=\"twitter:label2\" content=\"Dur\u00e9e de lecture estim\u00e9e\" \/>\n\t<meta name=\"twitter:data2\" content=\"1 minute\" \/>\n<script type=\"application\/ld+json\" class=\"yoast-schema-graph\">{\"@context\":\"https:\/\/schema.org\",\"@graph\":[{\"@type\":\"Article\",\"@id\":\"https:\/\/roads4classics.com\/fr\/succes-de-la-foire-interclassic-a-bruxelles\/#article\",\"isPartOf\":{\"@id\":\"https:\/\/roads4classics.com\/fr\/succes-de-la-foire-interclassic-a-bruxelles\/\"},\"author\":{\"name\":\"Robi Rizvic\",\"@id\":\"https:\/\/roads4classics.com\/fr\/#\/schema\/person\/9efeb0b580b4c7be3a5849f856cfbec3\"},\"headline\":\"Succ\u00e8s de la foire Interclassic \u00e0 Bruxelles\",\"datePublished\":\"2025-11-23T11:36:28+00:00\",\"dateModified\":\"2026-01-06T19:00:18+00:00\",\"mainEntityOfPage\":{\"@id\":\"https:\/\/roads4classics.com\/fr\/succes-de-la-foire-interclassic-a-bruxelles\/\"},\"wordCount\":275,\"commentCount\":0,\"articleSection\":[\"Non classifi\u00e9(e)\"],\"inLanguage\":\"fr-FR\",\"potentialAction\":[{\"@type\":\"CommentAction\",\"name\":\"Comment\",\"target\":[\"https:\/\/roads4classics.com\/fr\/succes-de-la-foire-interclassic-a-bruxelles\/#respond\"]}]},{\"@type\":\"WebPage\",\"@id\":\"https:\/\/roads4classics.com\/fr\/succes-de-la-foire-interclassic-a-bruxelles\/\",\"url\":\"https:\/\/roads4classics.com\/fr\/succes-de-la-foire-interclassic-a-bruxelles\/\",\"name\":\"Succ\u00e8s de la foire Interclassic \u00e0 Bruxelles - roads4classics\",\"isPartOf\":{\"@id\":\"https:\/\/roads4classics.com\/fr\/#website\"},\"datePublished\":\"2025-11-23T11:36:28+00:00\",\"dateModified\":\"2026-01-06T19:00:18+00:00\",\"author\":{\"@id\":\"https:\/\/roads4classics.com\/fr\/#\/schema\/person\/9efeb0b580b4c7be3a5849f856cfbec3\"},\"breadcrumb\":{\"@id\":\"https:\/\/roads4classics.com\/fr\/succes-de-la-foire-interclassic-a-bruxelles\/#breadcrumb\"},\"inLanguage\":\"fr-FR\",\"potentialAction\":[{\"@type\":\"ReadAction\",\"target\":[\"https:\/\/roads4classics.com\/fr\/succes-de-la-foire-interclassic-a-bruxelles\/\"]}]},{\"@type\":\"BreadcrumbList\",\"@id\":\"https:\/\/roads4classics.com\/fr\/succes-de-la-foire-interclassic-a-bruxelles\/#breadcrumb\",\"itemListElement\":[{\"@type\":\"ListItem\",\"position\":1,\"name\":\"Home\",\"item\":\"https:\/\/roads4classics.com\/fr\/\"},{\"@type\":\"ListItem\",\"position\":2,\"name\":\"Succ\u00e8s de la foire Interclassic \u00e0 Bruxelles\"}]},{\"@type\":\"WebSite\",\"@id\":\"https:\/\/roads4classics.com\/fr\/#website\",\"url\":\"https:\/\/roads4classics.com\/fr\/\",\"name\":\"roads4classics\",\"description\":\"My WordPress Blog\",\"potentialAction\":[{\"@type\":\"SearchAction\",\"target\":{\"@type\":\"EntryPoint\",\"urlTemplate\":\"https:\/\/roads4classics.com\/fr\/?s={search_term_string}\"},\"query-input\":{\"@type\":\"PropertyValueSpecification\",\"valueRequired\":true,\"valueName\":\"search_term_string\"}}],\"inLanguage\":\"fr-FR\"},{\"@type\":\"Person\",\"@id\":\"https:\/\/roads4classics.com\/fr\/#\/schema\/person\/9efeb0b580b4c7be3a5849f856cfbec3\",\"name\":\"Robi Rizvic\",\"image\":{\"@type\":\"ImageObject\",\"inLanguage\":\"fr-FR\",\"@id\":\"https:\/\/roads4classics.com\/fr\/#\/schema\/person\/image\/\",\"url\":\"https:\/\/secure.gravatar.com\/avatar\/7ed08cf2cc329533444106d838bd3f53df7fa0fe1cbe92ba7bb0157d31651cd8?s=96&d=mm&r=g\",\"contentUrl\":\"https:\/\/secure.gravatar.com\/avatar\/7ed08cf2cc329533444106d838bd3f53df7fa0fe1cbe92ba7bb0157d31651cd8?s=96&d=mm&r=g\",\"caption\":\"Robi Rizvic\"},\"url\":\"https:\/\/roads4classics.com\/fr\/author\/robirizvic\/\"}]}<\/script>\n<!-- \/ Yoast SEO plugin. -->","yoast_head_json":{"title":"Succ\u00e8s de la foire Interclassic \u00e0 Bruxelles - roads4classics","robots":{"index":"index","follow":"follow","max-snippet":"max-snippet:-1","max-image-preview":"max-image-preview:large","max-video-preview":"max-video-preview:-1"},"canonical":"https:\/\/roads4classics.com\/fr\/succes-de-la-foire-interclassic-a-bruxelles\/","og_locale":"fr_FR","og_type":"article","og_title":"Succ\u00e8s de la foire Interclassic \u00e0 Bruxelles - roads4classics","og_description":"InterClassics Bruxelles 2025 : Une \u00e9dition brillante ! Quel beau salon que celui d'InterClassics Brussels 2025 ! L'atmosph\u00e8re \u00e9tait fantastique, l'int\u00e9r\u00eat \u00e9tait grand et les conversations avec les visiteurs \u00e9taient inspirantes. Notre stand a \u00e9t\u00e9 bien fr\u00e9quent\u00e9, les r\u00e9actions \u00e0 nos prochains voyages ont \u00e9t\u00e9 enthousiastes, et c'est avec un grand sourire que nous repensons [&hellip;]","og_url":"https:\/\/roads4classics.com\/fr\/succes-de-la-foire-interclassic-a-bruxelles\/","og_site_name":"roads4classics","article_published_time":"2025-11-23T11:36:28+00:00","article_modified_time":"2026-01-06T19:00:18+00:00","author":"Robi Rizvic","twitter_card":"summary_large_image","twitter_misc":{"\u00c9crit par":"Robi Rizvic","Dur\u00e9e de lecture estim\u00e9e":"1 minute"},"schema":{"@context":"https:\/\/schema.org","@graph":[{"@type":"Article","@id":"https:\/\/roads4classics.com\/fr\/succes-de-la-foire-interclassic-a-bruxelles\/#article","isPartOf":{"@id":"https:\/\/roads4classics.com\/fr\/succes-de-la-foire-interclassic-a-bruxelles\/"},"author":{"name":"Robi Rizvic","@id":"https:\/\/roads4classics.com\/fr\/#\/schema\/person\/9efeb0b580b4c7be3a5849f856cfbec3"},"headline":"Succ\u00e8s de la foire Interclassic \u00e0 Bruxelles","datePublished":"2025-11-23T11:36:28+00:00","dateModified":"2026-01-06T19:00:18+00:00","mainEntityOfPage":{"@id":"https:\/\/roads4classics.com\/fr\/succes-de-la-foire-interclassic-a-bruxelles\/"},"wordCount":275,"commentCount":0,"articleSection":["Non classifi\u00e9(e)"],"inLanguage":"fr-FR","potentialAction":[{"@type":"CommentAction","name":"Comment","target":["https:\/\/roads4classics.com\/fr\/succes-de-la-foire-interclassic-a-bruxelles\/#respond"]}]},{"@type":"WebPage","@id":"https:\/\/roads4classics.com\/fr\/succes-de-la-foire-interclassic-a-bruxelles\/","url":"https:\/\/roads4classics.com\/fr\/succes-de-la-foire-interclassic-a-bruxelles\/","name":"Succ\u00e8s de la foire Interclassic \u00e0 Bruxelles - roads4classics","isPartOf":{"@id":"https:\/\/roads4classics.com\/fr\/#website"},"datePublished":"2025-11-23T11:36:28+00:00","dateModified":"2026-01-06T19:00:18+00:00","author":{"@id":"https:\/\/roads4classics.com\/fr\/#\/schema\/person\/9efeb0b580b4c7be3a5849f856cfbec3"},"breadcrumb":{"@id":"https:\/\/roads4classics.com\/fr\/succes-de-la-foire-interclassic-a-bruxelles\/#breadcrumb"},"inLanguage":"fr-FR","potentialAction":[{"@type":"ReadAction","target":["https:\/\/roads4classics.com\/fr\/succes-de-la-foire-interclassic-a-bruxelles\/"]}]},{"@type":"BreadcrumbList","@id":"https:\/\/roads4classics.com\/fr\/succes-de-la-foire-interclassic-a-bruxelles\/#breadcrumb","itemListElement":[{"@type":"ListItem","position":1,"name":"Home","item":"https:\/\/roads4classics.com\/fr\/"},{"@type":"ListItem","position":2,"name":"Succ\u00e8s de la foire Interclassic \u00e0 Bruxelles"}]},{"@type":"WebSite","@id":"https:\/\/roads4classics.com\/fr\/#website","url":"https:\/\/roads4classics.com\/fr\/","name":"roads4classics","description":"My WordPress Blog","potentialAction":[{"@type":"SearchAction","target":{"@type":"EntryPoint","urlTemplate":"https:\/\/roads4classics.com\/fr\/?s={search_term_string}"},"query-input":{"@type":"PropertyValueSpecification","valueRequired":true,"valueName":"search_term_string"}}],"inLanguage":"fr-FR"},{"@type":"Person","@id":"https:\/\/roads4classics.com\/fr\/#\/schema\/person\/9efeb0b580b4c7be3a5849f856cfbec3","name":"Robi Rizvic","image":{"@type":"ImageObject","inLanguage":"fr-FR","@id":"https:\/\/roads4classics.com\/fr\/#\/schema\/person\/image\/","url":"https:\/\/secure.gravatar.com\/avatar\/7ed08cf2cc329533444106d838bd3f53df7fa0fe1cbe92ba7bb0157d31651cd8?s=96&d=mm&r=g","contentUrl":"https:\/\/secure.gravatar.com\/avatar\/7ed08cf2cc329533444106d838bd3f53df7fa0fe1cbe92ba7bb0157d31651cd8?s=96&d=mm&r=g","caption":"Robi Rizvic"},"url":"https:\/\/roads4classics.com\/fr\/author\/robirizvic\/"}]}},"_links":{"self":[{"href":"https:\/\/roads4classics.com\/fr\/wp-json\/wp\/v2\/posts\/3838","targetHints":{"allow":["GET"]}}],"collection":[{"href":"https:\/\/roads4classics.com\/fr\/wp-json\/wp\/v2\/posts"}],"about":[{"href":"https:\/\/roads4classics.com\/fr\/wp-json\/wp\/v2\/types\/post"}],"author":[{"embeddable":true,"href":"https:\/\/roads4classics.com\/fr\/wp-json\/wp\/v2\/users\/2"}],"replies":[{"embeddable":true,"href":"https:\/\/roads4classics.com\/fr\/wp-json\/wp\/v2\/comments?post=3838"}],"version-history":[{"count":6,"href":"https:\/\/roads4classics.com\/fr\/wp-json\/wp\/v2\/posts\/3838\/revisions"}],"predecessor-version":[{"id":4722,"href":"https:\/\/roads4classics.com\/fr\/wp-json\/wp\/v2\/posts\/3838\/revisions\/4722"}],"wp:attachment":[{"href":"https:\/\/roads4classics.com\/fr\/wp-json\/wp\/v2\/media?parent=3838"}],"wp:term":[{"taxonomy":"category","embeddable":true,"href":"https:\/\/roads4classics.com\/fr\/wp-json\/wp\/v2\/categories?post=3838"},{"taxonomy":"post_tag","embeddable":true,"href":"https:\/\/roads4classics.com\/fr\/wp-json\/wp\/v2\/tags?post=3838"}],"curies":[{"name":"wp","href":"https:\/\/api.w.org\/{rel}","templated":true}]}}